{"id":19759,"date":"2025-09-12T08:47:37","date_gmt":"2025-09-12T05:47:37","guid":{"rendered":"https:\/\/ageo.ro\/biz\/?p=19759"},"modified":"2025-09-12T08:51:58","modified_gmt":"2025-09-12T05:51:58","slug":"vnvnknki","status":"publish","type":"post","link":"https:\/\/ageo.ro\/biz\/vnvnknki\/","title":{"rendered":"Succesul celei de-a 72-a edi\u021bii a Conferin\u021bei EEMA  ce a pus municipiul Ia\u0219i pe harta evenimentelor rotariene interna\u021bionale"},"content":{"rendered":"<div class=\"bt_rc_container\"><section id=\"bt_section69f0ae51be456\"  class=\"boldSection gutter\" ><div class=\"port\"><div class=\"boldCell\"><div class=\"boldCellInner\"><div class=\"boldRow \" ><div class=\"boldRowInner\"><div class=\"rowItem col-md-12 col-ms-12  btTextLeft\"  data-width=\"12\"><div class=\"rowItemContent\" ><div class=\"btText\" ><p style=\"text-align: justify;\">\u00cen perioada <strong>5-7 septembrie 2025<\/strong>, in cadrul Hotel Unirea &amp; Spa din Ia\u0219i, <strong>Asociatia Club Rotary Iasi 2000<\/strong> a g\u0103zduit cea de-a 72-a Conferin\u021b\u0103 EEMA, un eveniment interna\u021bional de prestigiu dedicat liderilor \u0219i coordonatorilor schimburile de experien\u021b\u0103 pentru tinerii din Europa, Estul Mediteranei \u0219i Africa. Peste 170 de participan\u021bi din 29 de \u021b\u0103ri au luat parte la acest forum unic menit s\u0103 faciliteze schimbul de bune practici \u0219i experien\u021be \u00een cadrul programului Rotary Youth Exchange.<\/p>\n<p style=\"text-align: justify;\">Evenimentul s-a distins prin diversitatea \u0219i experien\u021ba profesional\u0103 a participan\u021bilor, sesiuni inspira\u021bionale, exemple de bune practici, dezbateri constructive \u0219i schimburi culturale vibrante, toate eman\u00e2nd spiritul de solidaritate \u0219i angajament comun pentru dezvoltarea viitorilor lideri ai comunit\u0103\u021bilor rotariene la nivel interna\u021bional. Tematica central\u0103 a conferin\u021bei, <strong>\u201eChange perspective, be the peace\u201d<\/strong>, a \u00eencurajat participan\u021bii s\u0103 adopte noi moduri de a vedea lumea \u0219i s\u0103 ac\u021bioneze pentru pace, noi oportunit\u0103\u021bi interculturale \u0219i diversitate, prin multitudinea programelor pe care le coordoneaz\u0103 \u00een cadrul programului Rotary Youth Exchange.<\/p>\n<p style=\"text-align: justify;\">Organizatorii, \u00eempreun\u0103 cu vorbitorii, partenerii \u0219i to\u021bi participan\u021bii, au contribuit la un eveniment memorabil care cu siguran\u021b\u0103 va avea un impact major \u00een promovarea valorilor Rotary \u0219i \u00een dezvoltarea schimburilor culturale interna\u021bionale.<\/p>\n<p style=\"text-align: justify;\">\u201dS-a muncit mai bine de 1 an la organizarea acestei conferin\u021be. Ne-am bucurat enorm, c\u0103ci colegi de-ai no\u0219tri din Australia, Argentina, Mexic, Brazilia \u0219i Canada, al\u0103turi de colegii din Europa \u0219i Asia, au venit s\u0103 fie al\u0103turi de noi \u00een aceste 3 zile, la Ia\u0219i. \u00cen cadrul conferin\u021bei \u0219i a panelurilor tematice, am \u00eenv\u0103\u021bat cum s\u0103 fim mai performan\u021bi \u00een programele de schimburi de experien\u021b\u0103 \u0219i tabere interna\u021bionale, pe care le organiz\u0103m de mai bine de 50 de ani, peste tot \u00een lume. De asemenea, Ia\u0219i s-a dovedit a fi loca\u021bia perfect\u0103 pentru organizarea acestei edi\u021bii \u0219i ne bucur\u0103m c\u0103 echipa local\u0103 de organizare s-a implicat cu profesionalism \u0219i creativitate\u201d a declarant Laura Brianza, pre\u0219edinta conferin\u021belor EEMA.<\/p>\n<p style=\"text-align: justify;\">\u00cencheiem aceast\u0103 edi\u021bie cu recuno\u0219tin\u021b\u0103 \u0219i optimism, anun\u021b\u00e2nd cu entuziasm c\u0103 urm\u0103toarea Conferin\u021b\u0103 EEMA, edi\u021bia a 73-a, va avea loc anul viitor la Bordeaux, Fran\u021ba.<\/p>\n<p style=\"text-align: justify;\">Evenimentul EEMA 2025 Ia\u0219i a fost organizat de Asociatia Club Rotary Ia\u0219i 2000 \u0219i a fost posibil datorit\u0103 sprijinului \u0219i colabor\u0103rii partenerilor no\u0219tri, care au contribuit la succesul organiz\u0103rii:<\/p>\n<ul style=\"text-align: justify;\">\n<li>Parteneri institu\u021bionali: Consiliul Jude\u021bean Iasi, Prim\u0103ria Municipiului Ia\u0219i, Aeroportul Interna\u021bional Ia\u0219i, Biblioteca Central\u0103 Universitar\u0103 &#8222;Mihai Eminescu&#8221;, Universitatea de Medicin\u0103 \u0219i Farmacie \u201dGrigore T. Popa\u201d.<\/li>\n<li>Parteneri \u0219i colaboratori: AGEO Events, TEISA, ADAGIO Rent a car, AIRBUILD, Cluburile Rotaract \u0219i Interact din Rotary Ia\u0219i 2000, Club Rotary Alba Iulia, CISI BOLDUC, IT\u2019S YOUR WORLD, TRAVEL!, Conacul Goruni, Asocia\u021bia \u201dMe\u0219te\u0219ugurile Prutului\u201d, Prisaca B\u00e2rnova.<\/li>\n<\/ul>\n<p style=\"text-align: justify;\">Detaliile \u0219i programul conferin\u021bei pot fi descoperite aici: <a href=\"https:\/\/eemaiasi2025.ro\/program\/\">https:\/\/eemaiasi2025.ro\/program\/<\/a><\/p>\n<\/div><\/div><\/div><\/div><\/div><\/div><\/div><\/div><\/section><\/div>","protected":false},"excerpt":{"rendered":"","protected":false},"author":1,"featured_media":19748,"comment_status":"open","ping_status":"open","sticky":false,"template":"","format":"standard","meta":[],"categories":[1],"tags":[],"yst_prominent_words":[],"_links":{"self":[{"href":"https:\/\/ageo.ro\/biz\/wp-json\/wp\/v2\/posts\/19759"}],"collection":[{"href":"https:\/\/ageo.ro\/biz\/wp-json\/wp\/v2\/posts"}],"about":[{"href":"https:\/\/ageo.ro\/biz\/wp-json\/wp\/v2\/types\/post"}],"author":[{"embeddable":true,"href":"https:\/\/ageo.ro\/biz\/wp-json\/wp\/v2\/users\/1"}],"replies":[{"embeddable":true,"href":"https:\/\/ageo.ro\/biz\/wp-json\/wp\/v2\/comments?post=19759"}],"version-history":[{"count":4,"href":"https:\/\/ageo.ro\/biz\/wp-json\/wp\/v2\/posts\/19759\/revisions"}],"predecessor-version":[{"id":19763,"href":"https:\/\/ageo.ro\/biz\/wp-json\/wp\/v2\/posts\/19759\/revisions\/19763"}],"wp:featuredmedia":[{"embeddable":true,"href":"https:\/\/ageo.ro\/biz\/wp-json\/wp\/v2\/media\/19748"}],"wp:attachment":[{"href":"https:\/\/ageo.ro\/biz\/wp-json\/wp\/v2\/media?parent=19759"}],"wp:term":[{"taxonomy":"category","embeddable":true,"href":"https:\/\/ageo.ro\/biz\/wp-json\/wp\/v2\/categories?post=19759"},{"taxonomy":"post_tag","embeddable":true,"href":"https:\/\/ageo.ro\/biz\/wp-json\/wp\/v2\/tags?post=19759"},{"taxonomy":"yst_prominent_words","embeddable":true,"href":"https:\/\/ageo.ro\/biz\/wp-json\/wp\/v2\/yst_prominent_words?post=19759"}],"curies":[{"name":"wp","href":"https:\/\/api.w.org\/{rel}","templated":true}]}}