{"id":19476,"date":"2025-07-02T15:11:05","date_gmt":"2025-07-02T12:11:05","guid":{"rendered":"https:\/\/ageo.ro\/biz\/?p=19476"},"modified":"2025-07-02T15:33:29","modified_gmt":"2025-07-02T12:33:29","slug":"invitatie-videt-inaugureaza-cel-mai-mare-showroom-de-optica-din-moldova-investitia-se-ridica-la-300-000-de-euro","status":"publish","type":"post","link":"https:\/\/ageo.ro\/biz\/invitatie-videt-inaugureaza-cel-mai-mare-showroom-de-optica-din-moldova-investitia-se-ridica-la-300-000-de-euro\/","title":{"rendered":"Invita\u021bie \u2013 Videt inaugureaz\u0103 cel mai mare showroom de optic\u0103 din Moldova. Investi\u021bia se ridic\u0103 la 300.000 de euro"},"content":{"rendered":"<div class=\"bt_rc_container\"><section id=\"bt_section69f0afc9af762\"  class=\"boldSection gutter\" ><div class=\"port\"><div class=\"boldCell\"><div class=\"boldCellInner\"><div class=\"boldRow \" ><div class=\"boldRowInner\"><div class=\"rowItem col-md-12 col-ms-12  btTextLeft\"  data-width=\"12\"><div class=\"rowItemContent\" ><div class=\"btText\" ><p style=\"text-align: justify;\"><strong>Videt<\/strong> a deschis cel mai mare showroom de optic\u0103 din Moldova, \u020bn Palas Mall Ia\u0219i, \u00een urma unei investi\u021bii de aproximativ 300.000 de euro. Magazinul pune la dispozi\u021bia clien\u021bilor peste 3.000 de ochelari de vedere \u0219i ochelari de soare, lentile de vedere de \u00eenalt\u0103 calitate, precum \u0219i un stoc permanent de lentile de contact \u0219i solu\u021bii. <strong>Ochelarii de vedere \u0219i de soare beneficiaz\u0103 de reduceri de 40% \u00een perioada 10-13 iulie.<\/strong> Evenimentul de inaugurare va avea loc pe 9 iulie.<\/p>\n<p style=\"text-align: justify;\">Videt, un brand apreciat \u00een domeniul opticii medicale din Rom\u00e2nia, <strong>inaugureaz\u0103 pe 9 iulie cel mai mare showroom din Moldova<\/strong>, cu o suprafa\u021b\u0103 util\u0103 de aproximativ 300 mp,<strong> \u00een incinta Palas Mall Ia\u0219i.<\/strong><\/p>\n<p style=\"text-align: justify;\">Cu ocazia inaugur\u0103rii, Videt anun\u021b\u0103 lansarea mai multor campanii promo\u021bionale care includ campania aniversar\u0103 \u201eZilele Videt\u201d, oferte speciale pentru ochelarii de soare \u0219i reduceri de 40% la to\u021bi ochelarii din magazin, timp de patru zile. Mai mult, to\u021bi clien\u021bii care achizi\u021bioneaz\u0103 orice produs din magazinul Videt Palas Ia\u0219i \u00een perioada 10-13 iulie <strong>particip\u0103 automat la tombola \u201eCump\u0103r\u0103, vezi, c\u00e2\u0219tig\u0103!\u201d, la care pot c\u00e2\u0219tiga un card cadou \u00een valoare de 2.000 de lei.<\/strong><\/p>\n<p style=\"text-align: justify;\">Noul magazin Videt, cel de al nou\u0103lea din re\u021beaua na\u021bional\u0103 a companiei, ofer\u0103 o selec\u021bie de <strong>peste 3.000 de ochelari de vedere \u0219i de soare<\/strong> de la <strong>peste 50 de branduri de top<\/strong>, lentile de vedere, precum \u0219i un stoc permanent de lentile \u0219i solu\u021bii, compania av\u00e2nd cel mai mare stoc de lentile din Rom\u00e2nia. Diversitatea de modele de rame \u0219i de ochelari de soare din showroom este completat\u0103 de o gam\u0103 extins\u0103 de servicii, precum <strong>consulta\u021bii optometrice gratuite realizate de optometri\u0219ti acredita\u021bi<\/strong>, montarea rapid\u0103 a lentilelor \u00een magazin \u00eentr-o or\u0103, consultan\u021b\u0103 de specialitate \u00een alegerea ramelor \u0219i lentilelor potrivite, ajust\u0103ri ale ramelor \u0219i suport post-achizi\u021bie.<\/p>\n<p style=\"text-align: justify;\">V\u0103 invit\u0103m s\u0103 descoperi\u021bi promo\u021biile Videt la inaugurarea noului showroom din Ia\u0219i, ce va avea loc pe <strong>9 iulie, cu \u00eencepere de la ora 11:00, la Palas Mall (Strada Palas 7A, nivel 1)<\/strong>. Reprezentan\u021bii presei vor avea ocazia s\u0103 testeze \u0219i s\u0103 se familiarizeze cu cele mai noi produse din gama de ochelari de soare Ray-Ban, precum \u0219i cu kit-urile de cur\u0103\u021bare disponibile \u00een ofert\u0103.<\/p>\n<p style=\"text-align: justify;\"><strong>V\u0103 a\u0219tept\u0103m \u0219i v\u0103 rug\u0103m s\u0103 confirma\u021bi prezen\u021ba p\u00e2n\u0103 pe 7 iulie, pe mail, la adresa nicoleta@tudorcommunications.com, sau telefonic, la num\u0103rul 0740828879.<\/strong><\/p>\n<\/div><\/div><\/div><\/div><\/div><\/div><\/div><\/div><\/section><\/div>","protected":false},"excerpt":{"rendered":"","protected":false},"author":1,"featured_media":19474,"comment_status":"open","ping_status":"open","sticky":false,"template":"","format":"standard","meta":[],"categories":[42],"tags":[],"yst_prominent_words":[],"_links":{"self":[{"href":"https:\/\/ageo.ro\/biz\/wp-json\/wp\/v2\/posts\/19476"}],"collection":[{"href":"https:\/\/ageo.ro\/biz\/wp-json\/wp\/v2\/posts"}],"about":[{"href":"https:\/\/ageo.ro\/biz\/wp-json\/wp\/v2\/types\/post"}],"author":[{"embeddable":true,"href":"https:\/\/ageo.ro\/biz\/wp-json\/wp\/v2\/users\/1"}],"replies":[{"embeddable":true,"href":"https:\/\/ageo.ro\/biz\/wp-json\/wp\/v2\/comments?post=19476"}],"version-history":[{"count":6,"href":"https:\/\/ageo.ro\/biz\/wp-json\/wp\/v2\/posts\/19476\/revisions"}],"predecessor-version":[{"id":19484,"href":"https:\/\/ageo.ro\/biz\/wp-json\/wp\/v2\/posts\/19476\/revisions\/19484"}],"wp:featuredmedia":[{"embeddable":true,"href":"https:\/\/ageo.ro\/biz\/wp-json\/wp\/v2\/media\/19474"}],"wp:attachment":[{"href":"https:\/\/ageo.ro\/biz\/wp-json\/wp\/v2\/media?parent=19476"}],"wp:term":[{"taxonomy":"category","embeddable":true,"href":"https:\/\/ageo.ro\/biz\/wp-json\/wp\/v2\/categories?post=19476"},{"taxonomy":"post_tag","embeddable":true,"href":"https:\/\/ageo.ro\/biz\/wp-json\/wp\/v2\/tags?post=19476"},{"taxonomy":"yst_prominent_words","embeddable":true,"href":"https:\/\/ageo.ro\/biz\/wp-json\/wp\/v2\/yst_prominent_words?post=19476"}],"curies":[{"name":"wp","href":"https:\/\/api.w.org\/{rel}","templated":true}]}}