{"id":19309,"date":"2025-04-23T10:13:50","date_gmt":"2025-04-23T07:13:50","guid":{"rendered":"https:\/\/ageo.ro\/biz\/?p=19309"},"modified":"2025-04-23T11:44:58","modified_gmt":"2025-04-23T08:44:58","slug":"investeste-in-viitorul-tau-profesional-alaturi-de-ageo-biz","status":"publish","type":"post","link":"https:\/\/ageo.ro\/biz\/investeste-in-viitorul-tau-profesional-alaturi-de-ageo-biz\/","title":{"rendered":"Investe\u0219te \u00een viitorul t\u0103u profesional, al\u0103turi de AGEO Biz"},"content":{"rendered":"<div class=\"bt_rc_container\"><section id=\"bt_section69f0ae63a469b\"  class=\"boldSection gutter\" ><div class=\"port\"><div class=\"boldCell\"><div class=\"boldCellInner\"><div class=\"boldRow \" ><div class=\"boldRowInner\"><div class=\"rowItem col-md-12 col-ms-12  btTextLeft\"  data-width=\"12\"><div class=\"rowItemContent\" ><div class=\"btText\" ><p style=\"text-align: justify;\">Via\u021ba se deruleaz\u0103 ast\u0103zi \u00eentr-un ritm ame\u021bitor; progresele tehnologice, pia\u021ba muncii \u00een permanent\u0103 schimbare \u0219i cererea tot mai mare de competen\u021be specializate au f\u0103cut ca investi\u021bia \u00een formarea continu\u0103 s\u0103 fie esen\u021bial\u0103 pentru a r\u0103m\u00e2ne competitiv \u0219i relevant. Fie c\u0103 vorbim despre aprofundarea unor cuno\u0219tin\u021be deja acumulate sau despre \u00eenv\u0103\u021barea unor abilit\u0103\u021bi noi, procesul de \u00eenv\u0103\u021bare continu\u0103 nu doar c\u0103 ajut\u0103 la adaptarea la schimb\u0103rile industriei, dar reprezint\u0103 \u0219i o investi\u021bie valoroas\u0103 \u00een viitorul profesional al fiec\u0103rei persoane.<\/p>\n<p style=\"text-align: justify;\">La AGEO Biz, \u00een\u021belegem aceste aspecte \u0219i suntem aici pentru a te ghida \u00een c\u0103l\u0103toria ta de dezvoltare profesional\u0103.<\/p>\n<p style=\"text-align: justify;\"><strong>\u00a0<\/strong><\/p>\n<h4 style=\"text-align: justify;\"><strong>De ce s\u0103 alegi cursurile noastre:<\/strong><\/h4>\n<p style=\"text-align: justify;\">Av\u00e2nd \u00een vedere num\u0103rul mare de op\u021biuni disponibile, poate fi dificil s\u0103 alegi cursuri care s\u0103 \u00ee\u021bi fie cu adev\u0103rat utile \u00een dezvoltarea carierei. Iat\u0103 c\u00e2teva motive s\u0103 alegi cursurile noastre:<\/p>\n<p style=\"text-align: justify;\"><strong>Adaptabilitate:<\/strong> Te preg\u0103tim pentru provoc\u0103rile viitorului, oferindu-\u021bi cuno\u0219tin\u021bele \u0219i abilit\u0103\u021bile necesare pentru a te adapta la noile tehnologii \u0219i tendin\u021be din domeniul t\u0103u de activitate.<\/p>\n<p style=\"text-align: justify;\"><strong>Dezvoltarea competen\u021belor:<\/strong> Cursurile noastre sunt concepute pentru a-\u021bi \u00eembun\u0103t\u0103\u021bi abilit\u0103\u021bile existente \u0219i pentru a te ajuta s\u0103 dob\u00e2nde\u0219ti altele noi, esen\u021biale pentru succesul t\u0103u profesional.<\/p>\n<p style=\"text-align: justify;\"><strong>Avansarea \u00een carier\u0103:<\/strong> Angajatorii apreciaz\u0103 angaja\u021bii care investesc \u00een dezvoltarea lor. Prin cursurile noastre, \u00ee\u021bi deschizi noi oportunit\u0103\u021bi de avansare \u00een carier\u0103.<\/p>\n<p style=\"text-align: justify;\"><strong>Cre\u0219terea \u00eencrederii \u00een sine:<\/strong> Dob\u00e2ndirea de noi cuno\u0219tin\u021be \u0219i abilit\u0103\u021bi te face s\u0103 te sim\u021bi mai \u00eencrez\u0103tor \u00een capacit\u0103\u021bile tale profesionale.<\/p>\n<p style=\"text-align: justify;\"><strong>Re\u021bea de contacte:<\/strong> Cursurile noastre sunt o oportunitate excelent\u0103 de a \u00eent\u00e2lni al\u021bi profesioni\u0219ti din domeniul t\u0103u \u0219i de a-\u021bi extinde re\u021beaua de contacte.<\/p>\n<p style=\"text-align: justify;\"><strong>Men\u021binerea relevan\u021bei: <\/strong>\u00centr-o pia\u021b\u0103 a muncii competitiv\u0103, cursurile noastre te ajut\u0103 s\u0103-\u021bi men\u021bii relevan\u021ba \u0219i s\u0103 te diferen\u021biezi de ceilal\u021bi candida\u021bi.<\/p>\n<p style=\"text-align: justify;\"><strong>\u00cembun\u0103t\u0103\u021birea productivit\u0103\u021bii:<\/strong> Angaja\u021bii bine instrui\u021bi sunt mai eficien\u021bi \u0219i mai productivi, ceea ce aduce beneficii at\u00e2t pentru ei, c\u00e2t \u0219i pentru angajatori.<\/p>\n<p style=\"text-align: justify;\"><strong>Satisfac\u021bia profesional\u0103:<\/strong> \u00cenv\u0103\u021barea continu\u0103 te ajut\u0103 s\u0103 te sim\u021bi mai \u00eemplinit din punct de vedere profesional \u0219i s\u0103-\u021bi men\u021bii motiva\u021bia.<\/p>\n<p style=\"text-align: justify;\">\u00cen plus, cursurile se pot organiza \u00een format fizic, online sau hibrid, pentru a se adapta c\u00e2t mai bine nevoilor tale.<\/p>\n<\/div><div class=\"btClear btSeparator topSmallSpaced bottomSmallSpaced noBorder\" ><hr><\/div><div class=\"btClear btSeparator topSmallSpaced bottomSmallSpaced noBorder\" ><hr><\/div><div class=\"btText\" ><h4><strong>Trainerii AGEO &amp; oferta noastr\u0103 de cursuri<\/strong><\/h4>\n<p style=\"text-align: justify;\">Te invit\u0103m s\u0103 faci cuno\u0219tin\u021b\u0103 cu trainerii specializa\u021bi AGEO Biz \u0219i s\u0103 descoperi ce cursuri \u00ee\u021bi oferim:<\/p>\n<\/div><div class=\"btClear btSeparator topExtraSmallSpaced bottomSmallSpaced noBorder\" ><hr><\/div><\/div><\/div><\/div><\/div><div class=\"boldRow \" ><div class=\"boldRowInner\"><div class=\"rowItem col-md-6 col-sm-12 btTextLeft\"  data-width=\"6\"><div class=\"rowItemContent\" ><div class=\"bpgPhoto btTextCenter btCircleImage\" ><div class = \"btImage\"><img src=\"https:\/\/ageo.ro\/biz\/wp-content\/uploads\/2025\/04\/Crina-1-copy.jpg\" alt=\"https:\/\/ageo.ro\/biz\/wp-content\/uploads\/2025\/04\/Crina-1-copy.jpg\" ><\/div><\/div><\/div><\/div><div class=\"rowItem col-md-6 col-sm-12 btTextLeft\"  data-width=\"6\"><div class=\"rowItemContent\" ><div class=\"btClear btSeparator topSpaced bottomSpaced noBorder\" ><hr><\/div><div class=\"btText\" ><h4><strong>Crina URSU<\/strong><\/h4>\n<\/div><\/div><\/div><\/div><\/div><div class=\"boldRow \" ><div class=\"boldRowInner\"><div class=\"rowItem col-md-12 col-ms-12  btTextLeft\"  data-width=\"12\"><div class=\"rowItemContent\" ><div class=\"btClear btSeparator topSmallSpaced bottomExtraSmallSpaced noBorder\" ><hr><\/div><div class=\"btText\" ><p style=\"text-align: justify;\">Este formator acreditat ANC \u0219i are o experien\u021b\u0103 profesional\u0103 de peste 10 ani. Domeniile sale de expertiz\u0103 includ coordonarea activit\u0103\u021bilor financiare \u0219i comerciale, contabilitatea \u0219i managementul resurselor umane.<\/p>\n<p>Printre cursurile pe care le ofer\u0103 se num\u0103r\u0103:<\/p>\n<p>\ud83d\udd37\u00a0Competen\u021be digitale<br \/>\n\ud83d\udd37\u00a0Contabilitate<br \/>\n\ud83d\udd37\u00a0Resurse Umane<br \/>\n\ud83d\udd37\u00a0Formator<br \/>\n\ud83d\udd37\u00a0Competen\u021be antreprenoriale<br \/>\n\ud83d\udd37\u00a0Manager de proiect<br \/>\n\ud83d\udd37\u00a0Antreprenoriat social<\/p>\n<\/div><\/div><\/div><\/div><\/div><div class=\"boldRow \" ><div class=\"boldRowInner\"><div class=\"rowItem col-md-12 col-ms-12  btTextLeft\"  data-width=\"12\"><div class=\"rowItemContent\" ><div class=\"btClear btSeparator topExtraSmallSpaced bottomExtraSmallSpaced noBorder\" ><hr><\/div><div class=\"bpgPhoto btTextCenter\" ><div class = \"btImage\"><img src=\"https:\/\/ageo.ro\/biz\/wp-content\/uploads\/2025\/04\/Colaj-Crina.png\" alt=\"https:\/\/ageo.ro\/biz\/wp-content\/uploads\/2025\/04\/Colaj-Crina.png\" ><\/div><\/div><div class=\"btClear btSeparator topSemiSpaced bottomSemiSpaced border\" ><hr><\/div><\/div><\/div><\/div><\/div><div class=\"boldRow \" ><div class=\"boldRowInner\"><div class=\"rowItem col-md-6 col-sm-12 btTextLeft\"  data-width=\"6\"><div class=\"rowItemContent\" ><div class=\"btClear btSeparator topSpaced bottomSpaced noBorder\" ><hr><\/div><div class=\"btText\" ><h4><strong>Dr. Ec. Amalia GEORGESCU<\/strong><\/h4>\n<\/div><\/div><\/div><div class=\"rowItem col-md-6 col-sm-12 btTextLeft\"  data-width=\"6\"><div class=\"rowItemContent\" ><div class=\"bpgPhoto btTextCenter btCircleImage\" ><div class = \"btImage\"><img src=\"https:\/\/ageo.ro\/biz\/wp-content\/uploads\/2025\/04\/272336737_10159596441333788_3752149163659601525_n-copy.jpg\" alt=\"https:\/\/ageo.ro\/biz\/wp-content\/uploads\/2025\/04\/272336737_10159596441333788_3752149163659601525_n-copy.jpg\" ><\/div><\/div><\/div><\/div><\/div><\/div><div class=\"boldRow \" ><div class=\"boldRowInner\"><div class=\"rowItem col-md-12 col-ms-12  btTextLeft\"  data-width=\"12\"><div class=\"rowItemContent\" ><div class=\"btClear btSeparator topSmallSpaced bottomExtraSmallSpaced noBorder\" ><hr><\/div><div class=\"btText\" ><p style=\"text-align: justify;\">Este formator acreditat ANC \u0219i are o experien\u021b\u0103 profesional\u0103 de peste 20 ani, inclusiv 8 ani de experien\u021b\u0103 interna\u021bional\u0103 de predare \u0219i public speaking.<\/p>\n<p style=\"text-align: justify;\">Domeniile sale de expertiz\u0103 includ managementul de proiect, competen\u021be antreprenoriale, marketing, comunicare &amp; PR, managementul inov\u0103rii \u0219i dezvolt\u0103rii de produs, strategii comerciale \u0219i merchandising, leadership &amp; dezvoltare personal\u0103, educa\u021bie financiar\u0103, marketing digital.<\/p>\n<p>Printre cursurile pe care le ofer\u0103 se num\u0103r\u0103:<\/p>\n<p>\ud83d\udd37\u00a0Marketing &amp; Social media \u00een era digital\u0103<br \/>\n\ud83d\udd37Psihologia comunic\u0103rii \u0219i a negocierii \u00een v\u00e2nz\u0103ri<br \/>\n\ud83d\udd37\u00a0Public Speaking &amp; Branding Personal<br \/>\n\ud83d\udd37\u00a0Management de evenimente<br \/>\n\ud83d\udd37\u00a0Comunicarea brandului personal \u00een era digital\u0103<br \/>\n\ud83d\udd37\u00a0Marketing Digital<br \/>\n\ud83d\udd37\u00a0Time management<br \/>\n\ud83d\udd37\u00a0Tipologii de personalitate \u0219i managemetul echipelor<br \/>\n\ud83d\udd37\u00a0Bune maniere \u00een afaceri<br \/>\n\ud83d\udd37\u00a0Asistent Rela\u021bii Publice \u0219i Comunicare<br \/>\n\ud83d\udd37\u00a0Competen\u021be antreprenoriale, financiare \u0219i juridice<\/p>\n<\/div><\/div><\/div><\/div><\/div><div class=\"boldRow \" ><div class=\"boldRowInner\"><div class=\"rowItem col-md-12 col-ms-12  btTextLeft\"  data-width=\"12\"><div class=\"rowItemContent\" ><div class=\"btClear btSeparator topExtraSmallSpaced bottomExtraSmallSpaced noBorder\" ><hr><\/div><div class=\"bpgPhoto btTextCenter\" ><div class = \"btImage\"><img src=\"https:\/\/ageo.ro\/biz\/wp-content\/uploads\/2025\/04\/Colaj-Amalia.png\" alt=\"https:\/\/ageo.ro\/biz\/wp-content\/uploads\/2025\/04\/Colaj-Amalia.png\" ><\/div><\/div><div class=\"btClear btSeparator topSemiSpaced bottomSemiSpaced border\" ><hr><\/div><\/div><\/div><\/div><\/div><div class=\"boldRow \" ><div class=\"boldRowInner\"><div class=\"rowItem col-md-6 col-sm-12 btTextLeft\"  data-width=\"6\"><div class=\"rowItemContent\" ><div class=\"bpgPhoto btTextCenter btCircleImage\" ><div class = \"btImage\"><img src=\"https:\/\/ageo.ro\/biz\/wp-content\/uploads\/2025\/04\/Adrian-Iurcan-1-copy.jpg\" alt=\"https:\/\/ageo.ro\/biz\/wp-content\/uploads\/2025\/04\/Adrian-Iurcan-1-copy.jpg\" ><\/div><\/div><\/div><\/div><div class=\"rowItem col-md-6 col-sm-12 btTextLeft\"  data-width=\"6\"><div class=\"rowItemContent\" ><div class=\"btClear btSeparator topSpaced bottomSpaced noBorder\" ><hr><\/div><div class=\"btText\" ><h4><strong>Dipl. Ing. Adrian IURCAN<\/strong><\/h4>\n<\/div><\/div><\/div><\/div><\/div><div class=\"boldRow \" ><div class=\"boldRowInner\"><div class=\"rowItem col-md-12 col-ms-12  btTextLeft\"  data-width=\"12\"><div class=\"rowItemContent\" ><div class=\"btClear btSeparator topSmallSpaced bottomExtraSmallSpaced noBorder\" ><hr><\/div><div class=\"btText\" ><p style=\"text-align: justify;\">Are o experien\u021b\u0103 profesional\u0103 de peste 30 de ani, inclusiv 5 ani de experien\u021b\u0103 interna\u021bional\u0103 de predare.<\/p>\n<p style=\"text-align: justify;\">Domeniile sale de expertiz\u0103 includ managementul strategic al afacerii, managementul inov\u0103rii \u0219i dezvolt\u0103rii de produs, managementul v\u00e2nz\u0103rilor \u0219i managementul produc\u021biei.<\/p>\n<p>Printre cursurile pe care le ofer\u0103 se num\u0103r\u0103:<\/p>\n<p>\ud83d\udd37 Competen\u021be antreprenoriale<br \/>\n\ud83d\udd37 Managementul afacerii<br \/>\n\ud83d\udd37 Managementul inov\u0103rii \u0219i dezvolt\u0103rii de produs<br \/>\n\ud83d\udd37 Managementul v\u00e2nz\u0103rilor<\/p>\n<\/div><\/div><\/div><\/div><\/div><div class=\"boldRow \" ><div class=\"boldRowInner\"><div class=\"rowItem col-md-12 col-ms-12  btTextLeft\"  data-width=\"12\"><div class=\"rowItemContent\" ><div class=\"btClear btSeparator topExtraSmallSpaced bottomExtraSmallSpaced noBorder\" ><hr><\/div><div class=\"bpgPhoto btTextCenter\" ><div class = \"btImage\"><img src=\"https:\/\/ageo.ro\/biz\/wp-content\/uploads\/2025\/04\/Colaj-Dl.-Iurcan.png\" alt=\"https:\/\/ageo.ro\/biz\/wp-content\/uploads\/2025\/04\/Colaj-Dl.-Iurcan.png\" ><\/div><\/div><div class=\"btClear btSeparator topSemiSpaced bottomExtraSmallSpaced noBorder\" ><hr><\/div><\/div><\/div><\/div><\/div><div class=\"boldRow \" ><div class=\"boldRowInner\"><div class=\"rowItem col-md-12 col-ms-12  btTextLeft\"  data-width=\"12\"><div class=\"rowItemContent\" ><div class=\"btText\" ><p style=\"text-align: justify;\">La AGEO Biz, consider\u0103m c\u0103 investi\u021bia \u00een educa\u021bie \u0219i formare continu\u0103 este cea mai bun\u0103 strategie de dezvoltare profesional\u0103. Te invit\u0103m s\u0103 explorezi oferta noastr\u0103 de cursuri \u0219i s\u0103 faci primul pas c\u0103tre o carier\u0103 de succes.<\/p>\n<p style=\"text-align: justify;\"><strong><a href=\"https:\/\/ageo.ro\/biz\/contact\/\">Contacteaz\u0103-ne ast\u0103zi<\/a> pentru a afla mai multe informa\u021bii despre cursurile noastre!<\/strong><\/p>\n<\/div><\/div><\/div><\/div><\/div><\/div><\/div><\/div><\/section><\/div>","protected":false},"excerpt":{"rendered":"","protected":false},"author":1,"featured_media":19312,"comment_status":"open","ping_status":"open","sticky":false,"template":"","format":"standard","meta":[],"categories":[42,1],"tags":[],"yst_prominent_words":[],"_links":{"self":[{"href":"https:\/\/ageo.ro\/biz\/wp-json\/wp\/v2\/posts\/19309"}],"collection":[{"href":"https:\/\/ageo.ro\/biz\/wp-json\/wp\/v2\/posts"}],"about":[{"href":"https:\/\/ageo.ro\/biz\/wp-json\/wp\/v2\/types\/post"}],"author":[{"embeddable":true,"href":"https:\/\/ageo.ro\/biz\/wp-json\/wp\/v2\/users\/1"}],"replies":[{"embeddable":true,"href":"https:\/\/ageo.ro\/biz\/wp-json\/wp\/v2\/comments?post=19309"}],"version-history":[{"count":57,"href":"https:\/\/ageo.ro\/biz\/wp-json\/wp\/v2\/posts\/19309\/revisions"}],"predecessor-version":[{"id":19374,"href":"https:\/\/ageo.ro\/biz\/wp-json\/wp\/v2\/posts\/19309\/revisions\/19374"}],"wp:featuredmedia":[{"embeddable":true,"href":"https:\/\/ageo.ro\/biz\/wp-json\/wp\/v2\/media\/19312"}],"wp:attachment":[{"href":"https:\/\/ageo.ro\/biz\/wp-json\/wp\/v2\/media?parent=19309"}],"wp:term":[{"taxonomy":"category","embeddable":true,"href":"https:\/\/ageo.ro\/biz\/wp-json\/wp\/v2\/categories?post=19309"},{"taxonomy":"post_tag","embeddable":true,"href":"https:\/\/ageo.ro\/biz\/wp-json\/wp\/v2\/tags?post=19309"},{"taxonomy":"yst_prominent_words","embeddable":true,"href":"https:\/\/ageo.ro\/biz\/wp-json\/wp\/v2\/yst_prominent_words?post=19309"}],"curies":[{"name":"wp","href":"https:\/\/api.w.org\/{rel}","templated":true}]}}